{"id":3928,"date":"2020-02-27T09:36:00","date_gmt":"2020-02-27T15:36:00","guid":{"rendered":"http:\/\/www.lerdo.gob.mx\/ldop\/?p=3928"},"modified":"2020-02-27T09:36:00","modified_gmt":"2020-02-27T15:36:00","slug":"arranca-orquesta-sinfonica-del-estado-de-durango-temporada-2020","status":"publish","type":"post","link":"https:\/\/www.lerdo.gob.mx\/porlerdotodo\/2020\/02\/27\/arranca-orquesta-sinfonica-del-estado-de-durango-temporada-2020\/","title":{"rendered":"Arranca orquesta sinf\u00f3nica del estado de Durango temporada 2020."},"content":{"rendered":"<p>Este <!--more-->jueves 27 de febrero, la Orquesta del Estado de Durango arrancar\u00e1 su temporada de conciertos 2020, bajo la batuta de su Directora Art\u00edstica, la Maestra Natalia Riazanova.El concierto se sellavar\u00e1 a cabo en el Teatro Centauro a las ocho de la noche.<\/p>\n<p>Lerdo, Dgo. Mi\u00e9rcoles 26 de febrero de 2020.-En esta temporada 2020 la ODED ha dise\u00f1ado un men\u00fa musical que incluye obras de grandes mujeres compositoras del siglo XVII al siglo XXI, que injustamente han sido relegadas de las salas de conciertos a pesar de las extraordinarias obras musicales que nos legaron; la Orquesta del Estado de Durango rendir\u00e1 un merecido tributo a estas grandes creadoras, se invita al p\u00fablico lagunero a escuchar sus obras;\u00a0 quedar\u00e1n asombrados por el talento de Louise Farrenc,\u00a0 Amy Beach, Emily Mayers, Elizabeth Jaquet de la Guerre entre muchas otras.<\/p>\n<p>La temporada de Conciertos de la Orquesta del Estado de Durango incluir\u00e1 tambi\u00e9n \u201cJoyas\u201d de los Compositores A. Dvorak, E. Grieg, Max Reger, Wolf-Ferrari, J. Brahams, N. Miaskovsky y A. Piazzolla.<\/p>\n<p>El costo para asistir al concierto de la ODED es de 120 pesos con descuento del 50 por ciento a quien lo requiera y solicite, estar\u00e1n a la venta en la taquilla del Teatro Centauro.<\/p>\n<p>En la primera parte de la Temporada 2020, contar\u00e1 con la participaci\u00f3n de talentosos solistas,\u00a0 el contrabajista cubano Ra\u00fal Delgado interpretar\u00e1 en concierto\u00a0 en Re Mayor de J. B. Vanhal,\u00a0 el maestro Mauricio Nader interpretar\u00e1 la\u00a0 \u201cRapsodia en Azul\u201d de G. Gershwin,\u00a0 desde Oaxaca vendr\u00e1 uno de los m\u00e1s reconocidos trombonistas de Am\u00e9rica, el maestro Faustino D\u00edaz que acompa\u00f1ado por la orquesta,\u00a0 interpretar\u00e1 en concierto para tromb\u00f3n del Compositor Italiano Nino Rota y la pianista rusa Uliana Akatova\u00a0 subir\u00e1 al escenario en el mes de junio para ejecutar el concierto para piano en fa menor Op. 2 del compositor Anton Arensky.<\/p>\n<p>La Orquesta del Estado de Durango es un ensamble orquestal profesional, org\u00e1nico y flexible integrado por m\u00fasicos provenientes de Cuba, Rusia, Durango, Nuevo Le\u00f3n, Guadalajara y con muy talentosos j\u00f3venes laguneros, lo que le permite interpretar desde m\u00fasica de c\u00e1mara con 20 integrantes hasta programas sinf\u00f3nicos con 65 m\u00fasicos; se fund\u00f3 en el a\u00f1o 2019 y concierto a concierto ha ido incrementando su calidad art\u00edstica bajo la direcci\u00f3n de la maestra Natalia Riazanova.<\/p>\n<p>Para mayores informes, la orquesta pone a disposici\u00f3n las redes sociales oficales a trav\u00e9s de WhatsApp: 8711319390, al Facebook: Orquesta del Estado de Durango o al Instagram: Orquesta del Estado de Durango.<\/p>\n","protected":false},"excerpt":{"rendered":"<p>Este<\/p>\n","protected":false},"author":1,"featured_media":3930,"comment_status":"open","ping_status":"open","sticky":false,"template":"","format":"standard","meta":{"_joinchat":[]},"categories":[1],"tags":[],"class_list":["post-3928","post","type-post","status-publish","format-standard","has-post-thumbnail","hentry","category-sin-categoria","category-1","description-off"],"_links":{"self":[{"href":"https:\/\/www.lerdo.gob.mx\/porlerdotodo\/wp-json\/wp\/v2\/posts\/3928","targetHints":{"allow":["GET"]}}],"collection":[{"href":"https:\/\/www.lerdo.gob.mx\/porlerdotodo\/wp-json\/wp\/v2\/posts"}],"about":[{"href":"https:\/\/www.lerdo.gob.mx\/porlerdotodo\/wp-json\/wp\/v2\/types\/post"}],"author":[{"embeddable":true,"href":"https:\/\/www.lerdo.gob.mx\/porlerdotodo\/wp-json\/wp\/v2\/users\/1"}],"replies":[{"embeddable":true,"href":"https:\/\/www.lerdo.gob.mx\/porlerdotodo\/wp-json\/wp\/v2\/comments?post=3928"}],"version-history":[{"count":1,"href":"https:\/\/www.lerdo.gob.mx\/porlerdotodo\/wp-json\/wp\/v2\/posts\/3928\/revisions"}],"predecessor-version":[{"id":3931,"href":"https:\/\/www.lerdo.gob.mx\/porlerdotodo\/wp-json\/wp\/v2\/posts\/3928\/revisions\/3931"}],"wp:featuredmedia":[{"embeddable":true,"href":"https:\/\/www.lerdo.gob.mx\/porlerdotodo\/wp-json\/wp\/v2\/media\/3930"}],"wp:attachment":[{"href":"https:\/\/www.lerdo.gob.mx\/porlerdotodo\/wp-json\/wp\/v2\/media?parent=3928"}],"wp:term":[{"taxonomy":"category","embeddable":true,"href":"https:\/\/www.lerdo.gob.mx\/porlerdotodo\/wp-json\/wp\/v2\/categories?post=3928"},{"taxonomy":"post_tag","embeddable":true,"href":"https:\/\/www.lerdo.gob.mx\/porlerdotodo\/wp-json\/wp\/v2\/tags?post=3928"}],"curies":[{"name":"wp","href":"https:\/\/api.w.org\/{rel}","templated":true}]}}